{"id":6413,"date":"2025-01-27T20:05:00","date_gmt":"2025-01-27T19:05:00","guid":{"rendered":"https:\/\/panel-composite.com\/10-idees-innovadores-per-utilitzar-alucobond-en-arquitectura-moderna\/"},"modified":"2026-02-10T13:52:12","modified_gmt":"2026-02-10T12:52:12","slug":"10-idees-innovadores-per-utilitzar-alucobond-en-arquitectura-moderna","status":"publish","type":"post","link":"https:\/\/panel-composite.com\/ca\/10-idees-innovadores-per-utilitzar-alucobond-en-arquitectura-moderna\/","title":{"rendered":"10 idees innovadores per utilitzar Alucobond en arquitectura moderna"},"content":{"rendered":"\n<p>La cerca de materials que equilibrin la durabilitat amb la flexibilitat creativa \u00e9s una constant en el disseny actual. Els panells d&#8217;alumini compost han superat la funci\u00f3 tradicional de simple revestiment per convertir-se en protagonistes de la identitat visual d&#8217;edificis i espais p\u00fablics. <\/p>\n\n<p>Per implementar aquestes solucions amb garanties, tenir <a target=\"_blank\" rel=\"noreferrer noopener\" href=\"https:\/\/www.google.com\/search?q=https:\/\/www.web-destino-ejemplo.com\">especialistes en revestiments arquitect\u00f2nics<\/a> \u00e9s fonamental per assegurar un acabat t\u00e8cnic impecable i una llarga vida \u00fatil del projecte.<\/p>\n\n<p><\/p>\n\n<h2 class=\"wp-block-heading\">Propietats que potencien el disseny<\/h2>\n\n<p>La ra\u00f3 principal de l\u00e8xit daquest material resideix en la seva capacitat de transformaci\u00f3. A difer\u00e8ncia de la pedra o el formig\u00f3, permet generar volums complexos sense afegir-hi pes estructural excessiu. La seva composici\u00f3 tipus &#8220;sandvitx&#8221; garanteix planitud i resist\u00e8ncia a la intemp\u00e8rie.  <\/p>\n\n<p>A continuaci\u00f3, n&#8217;analitzem les caracter\u00edstiques clau davant d&#8217;altres materials:<\/p>\n\n<figure class=\"wp-block-table\"><table class=\"has-fixed-layout\"><thead><tr><td><strong>Caracter\u00edstica<\/strong><\/td><td><strong>Panell Composite (Alumini)<\/strong><\/td><td><strong>Cer\u00e0mica \/ Pedra<\/strong><\/td><td><strong>Xapa Simple<\/strong><\/td><\/tr><\/thead><tbody><tr><td><strong>Pes<\/strong><\/td><td>Molt lleuger<\/td><td>Pesat<\/td><td>Lleuger<\/td><\/tr><tr><td><strong>Rigidesa<\/strong><\/td><td>Alta<\/td><td>Alta (per\u00f2 fr\u00e0gil)<\/td><td>Mitjana (pot bombar-se)<\/td><\/tr><tr><td><strong>Moldejabilitat<\/strong><\/td><td>Excel\u00b7lent (corbats, plecs)<\/td><td>Nul\u00b7la o costosa<\/td><td>Limitada<\/td><\/tr><tr><td><strong>Ac\u00fastica<\/strong><\/td><td>Amortiment de vibracions<\/td><td>Reflectant<\/td><td>Baixa (efecte tambor)<\/td><\/tr><\/tbody><\/table><\/figure>\n\n<p><\/p>\n\n<h2 class=\"wp-block-heading\">Aplicacions creatives a exteriors<\/h2>\n\n<p>L&#8217;\u00fas m\u00e9s est\u00e8s de l&#8217; <strong><a target=\"_blank\" rel=\"noreferrer noopener\" href=\"https:\/\/www.google.com\/search?q=https:\/\/www.web-destino-ejemplo.com\">Alucobond<\/a><\/strong> es troba a la pell dels edificis, per\u00f2 les tend\u00e8ncies actuals van molt m\u00e9s enll\u00e0 de la simple paret vertical.<\/p>\n\n<ul class=\"wp-block-list\">\n<li><strong>Fa\u00e7anes 3D i Ventilades:<\/strong> Gr\u00e0cies al seu fresat posterior, es poden crear geometries poli\u00e8driques que juguen amb la llum i l&#8217;ombra, millorant alhora l&#8217;efici\u00e8ncia energ\u00e8tica.<\/li>\n\n\n\n<li><strong>Cobertes i volades:<\/strong> La seva lleugeresa permet crear grans sostres flotants o marquesines sense necessitat d&#8217;estructures de suport massives.<\/li>\n\n\n\n<li><strong>Mobiliari Urb\u00e0:<\/strong> Bancs, parades d&#8217;autob\u00fas i senyal\u00e8tica aprofiten la resist\u00e8ncia al vandalisme i la facilitat de neteja.<\/li>\n\n\n\n<li><strong>Escultura P\u00fablica:<\/strong> Artistes i arquitectes ho utilitzen per crear peces de gran format que resisteixen la corrosi\u00f3 ambiental.<\/li>\n<\/ul>\n\n<p><\/p>\n\n<h2 class=\"wp-block-heading\">Interiorisme i detalls corporatius<\/h2>\n\n<p>La versatilitat del composite travessa la porta d&#8217;entrada per apoderar-se dels espais interiors. El seu acabat premium, disponible en textures met\u00e0l\u00b7liques, esmaixades o brillants, el converteix en un recurs valu\u00f3s per a la imatge de marca. <\/p>\n\n<p>\u00c9s freq\u00fcent veure&#8217;l en <strong>revestiments de columnes<\/strong> , taulells de recepci\u00f3 o divisions d&#8217;espais a oficines modernes. A m\u00e9s, la possibilitat d&#8217;imprimir o retolar sobre la superf\u00edcie el fa ideal per a la integraci\u00f3 de la identitat corporativa directament a l&#8217;arquitectura del local, eliminant la necessitat de suports addicionals. <\/p>\n\n<p><\/p>\n\n<h2 class=\"wp-block-heading\">Preguntes freq\u00fcents sobre Alucobond<\/h2>\n\n<p><strong>Qu\u00e8 \u00e9s exactament aquest material?<\/strong><\/p>\n\n<p>\u00c9s un plaf\u00f3 compost per dues l\u00e0mines d&#8217;alumini i un nucli central de mineral o pl\u00e0stic, dissenyat per ser lleuger, r\u00edgid i durador.<\/p>\n\n<p><strong>Es pot corbar el panell?<\/strong><\/p>\n\n<p>S\u00ed, mitjan\u00e7ant t\u00e8cniques de fresat i plegat o corbat en rodets, el material pot adoptar formes org\u00e0niques, corbes i cil\u00edndriques amb gran precisi\u00f3.<\/p>\n\n<p><strong>Resisteix b\u00e9 el foc?<\/strong><\/p>\n\n<p>Hi ha versions espec\u00edfiques amb nuclis minerals retardants al foc (classe B o A2) que compleixen amb les normatives m\u00e9s estrictes de seguretat en edificaci\u00f3.<\/p>\n\n<p><strong>\u00c9s dif\u00edcil de mantenir net?<\/strong><\/p>\n\n<p>No, la superf\u00edcie llisa i els acabats d&#8217;alta qualitat (com el PVDF) repel\u00b7leixen la brut\u00edcia i solen netejar-se f\u00e0cilment amb aigua i sab\u00f3 neutre.<\/p>\n\n<p><strong>Es poden reciclar els panells?<\/strong><\/p>\n\n<p>S\u00ed, tant l&#8217;alumini de les capes exteriors com el material del nucli es poden separar i reciclar, contribuint a la sostenibilitat del projecte.<\/p>\n\n<p><strong>Quina gamma de colors hi ha?<\/strong><\/p>\n\n<p>La varietat \u00e9s immensa, abra\u00e7ant colors s\u00f2lids, met\u00e0l\u00b7lics, efectes fusta, pedra i acabats que canvien de color segons la incid\u00e8ncia de la llum.<\/p>\n\n<p>Innova al costat de <a href=\"https:\/\/panel-composite.com\/ca\/\" target=\"_blank\" rel=\"noreferrer noopener\">Panel Composite<\/a> . Per assolir fa\u00e7anes netes i modernes, recomanem el <a href=\"https:\/\/panel-composite.com\/ca\/sistema-enganxat\/\" target=\"_blank\" rel=\"noreferrer noopener\">sistema enganxat<\/a> d&#8217;ocultaci\u00f3.<\/p>\n\n<p><\/p>\n","protected":false},"excerpt":{"rendered":"<p>La cerca de materials que equilibrin la durabilitat amb la flexibilitat creativa \u00e9s una constant en el disseny actual. Els panells d&#8217;alumini compost han superat la funci\u00f3 tradicional de simple revestiment per convertir-se en protagonistes de la identitat visual d&#8217;edificis i espais p\u00fablics. Per implementar aquestes solucions amb garanties, tenir especialistes en revestiments arquitect\u00f2nics \u00e9s [&hellip;]<\/p>\n","protected":false},"author":13,"featured_media":6405,"comment_status":"open","ping_status":"closed","sticky":false,"template":"","format":"standard","meta":{"footnotes":""},"categories":[135],"tags":[],"class_list":["post-6413","post","type-post","status-publish","format-standard","has-post-thumbnail","hentry","category-uncategorized-ca"],"_links":{"self":[{"href":"https:\/\/panel-composite.com\/ca\/wp-json\/wp\/v2\/posts\/6413","targetHints":{"allow":["GET"]}}],"collection":[{"href":"https:\/\/panel-composite.com\/ca\/wp-json\/wp\/v2\/posts"}],"about":[{"href":"https:\/\/panel-composite.com\/ca\/wp-json\/wp\/v2\/types\/post"}],"author":[{"embeddable":true,"href":"https:\/\/panel-composite.com\/ca\/wp-json\/wp\/v2\/users\/13"}],"replies":[{"embeddable":true,"href":"https:\/\/panel-composite.com\/ca\/wp-json\/wp\/v2\/comments?post=6413"}],"version-history":[{"count":5,"href":"https:\/\/panel-composite.com\/ca\/wp-json\/wp\/v2\/posts\/6413\/revisions"}],"predecessor-version":[{"id":6825,"href":"https:\/\/panel-composite.com\/ca\/wp-json\/wp\/v2\/posts\/6413\/revisions\/6825"}],"wp:featuredmedia":[{"embeddable":true,"href":"https:\/\/panel-composite.com\/ca\/wp-json\/wp\/v2\/media\/6405"}],"wp:attachment":[{"href":"https:\/\/panel-composite.com\/ca\/wp-json\/wp\/v2\/media?parent=6413"}],"wp:term":[{"taxonomy":"category","embeddable":true,"href":"https:\/\/panel-composite.com\/ca\/wp-json\/wp\/v2\/categories?post=6413"},{"taxonomy":"post_tag","embeddable":true,"href":"https:\/\/panel-composite.com\/ca\/wp-json\/wp\/v2\/tags?post=6413"}],"curies":[{"name":"wp","href":"https:\/\/api.w.org\/{rel}","templated":true}]}}